{"id":144,"date":"2019-03-27T12:40:50","date_gmt":"2019-03-27T11:40:50","guid":{"rendered":"https:\/\/www.errazada.eus\/?p=144"},"modified":"2019-03-27T12:41:43","modified_gmt":"2019-03-27T11:41:43","slug":"comienzan-las-visitas-para-presentar-la-iniciativa-erraza-da","status":"publish","type":"post","link":"https:\/\/www.errazada.eus\/es\/sin-categorizar\/comienzan-las-visitas-para-presentar-la-iniciativa-erraza-da","title":{"rendered":"Comienzan las visitas para presentar la iniciativa Erraza da"},"content":{"rendered":"<p>&nbsp;<\/p>\n<p>&nbsp;<\/p>\n<p>A partir del 25 de marzo la empresa Siadeco, en nombre del Servicio de Euskera del Ayuntamiento de Donostia \/ San Sebasti\u00e1n, visitar\u00e1 todos los establecimientos de hosteler\u00eda de la Parte Vieja. En esa visita, se dar\u00e1 a conocer la iniciativa Erraza da, se fomentar\u00e1 la participaci\u00f3n y se facilitar\u00e1 informaci\u00f3n sobre la subvenci\u00f3n para euskaldunizar el paisaje ling\u00fc\u00edstico de los establecimientos.<\/p>\n","protected":false},"excerpt":{"rendered":"<p>&nbsp; &nbsp; A partir del 25 de marzo la empresa [&hellip;]<\/p>\n","protected":false},"author":4,"featured_media":131,"comment_status":"open","ping_status":"open","sticky":false,"template":"","format":"standard","meta":{"footnotes":""},"categories":[5],"tags":[],"class_list":["post-144","post","type-post","status-publish","format-standard","has-post-thumbnail","hentry","category-sin-categorizar"],"yoast_head":"<!-- This site is optimized with the Yoast SEO plugin v15.5 - https:\/\/yoast.com\/wordpress\/plugins\/seo\/ -->\n<title>Comienzan las visitas para presentar la iniciativa Erraza da - Erraza Da<\/title>\n<meta name=\"robots\" content=\"index, follow, max-snippet:-1, max-image-preview:large, max-video-preview:-1\" \/>\n<link rel=\"canonical\" href=\"https:\/\/www.errazada.eus\/es\/sin-categorizar\/comienzan-las-visitas-para-presentar-la-iniciativa-erraza-da\" \/>\n<meta property=\"og:locale\" content=\"es_ES\" \/>\n<meta property=\"og:type\" content=\"article\" \/>\n<meta property=\"og:title\" content=\"Comienzan las visitas para presentar la iniciativa Erraza da - Erraza Da\" \/>\n<meta property=\"og:description\" content=\"&nbsp; &nbsp; A partir del 25 de marzo la empresa [&hellip;]\" \/>\n<meta property=\"og:url\" content=\"https:\/\/www.errazada.eus\/es\/sin-categorizar\/comienzan-las-visitas-para-presentar-la-iniciativa-erraza-da\" \/>\n<meta property=\"og:site_name\" content=\"Erraza Da\" \/>\n<meta property=\"article:published_time\" content=\"2019-03-27T11:40:50+00:00\" \/>\n<meta property=\"article:modified_time\" content=\"2019-03-27T11:41:43+00:00\" \/>\n<meta property=\"og:image\" content=\"https:\/\/www.errazada.eus\/wp-content\/uploads\/2019\/03\/Erraza-da-logo.jpg\" \/>\n\t<meta property=\"og:image:width\" content=\"600\" \/>\n\t<meta property=\"og:image:height\" content=\"400\" \/>\n<meta name=\"twitter:card\" content=\"summary_large_image\" \/>\n<meta name=\"twitter:label1\" content=\"Tiempo de lectura\">\n\t<meta name=\"twitter:data1\" content=\"0 minutos\">\n<script type=\"application\/ld+json\" class=\"yoast-schema-graph\">{\"@context\":\"https:\/\/schema.org\",\"@graph\":[{\"@type\":\"WebSite\",\"@id\":\"https:\/\/www.errazada.eus\/#website\",\"url\":\"https:\/\/www.errazada.eus\/\",\"name\":\"Erraza Da\",\"description\":\"Lehen hitza euskaraz egitea\",\"potentialAction\":[{\"@type\":\"SearchAction\",\"target\":\"https:\/\/www.errazada.eus\/?s={search_term_string}\",\"query-input\":\"required name=search_term_string\"}],\"inLanguage\":\"es\"},{\"@type\":\"ImageObject\",\"@id\":\"https:\/\/www.errazada.eus\/es\/sin-categorizar\/comienzan-las-visitas-para-presentar-la-iniciativa-erraza-da#primaryimage\",\"inLanguage\":\"es\",\"url\":\"https:\/\/www.errazada.eus\/wp-content\/uploads\/2019\/03\/Erraza-da-logo.jpg\",\"width\":600,\"height\":400},{\"@type\":\"WebPage\",\"@id\":\"https:\/\/www.errazada.eus\/es\/sin-categorizar\/comienzan-las-visitas-para-presentar-la-iniciativa-erraza-da#webpage\",\"url\":\"https:\/\/www.errazada.eus\/es\/sin-categorizar\/comienzan-las-visitas-para-presentar-la-iniciativa-erraza-da\",\"name\":\"Comienzan las visitas para presentar la iniciativa Erraza da - Erraza Da\",\"isPartOf\":{\"@id\":\"https:\/\/www.errazada.eus\/#website\"},\"primaryImageOfPage\":{\"@id\":\"https:\/\/www.errazada.eus\/es\/sin-categorizar\/comienzan-las-visitas-para-presentar-la-iniciativa-erraza-da#primaryimage\"},\"datePublished\":\"2019-03-27T11:40:50+00:00\",\"dateModified\":\"2019-03-27T11:41:43+00:00\",\"author\":{\"@id\":\"https:\/\/www.errazada.eus\/#\/schema\/person\/2107b3ca8034722bd86ce88ef53dbfbd\"},\"inLanguage\":\"es\",\"potentialAction\":[{\"@type\":\"ReadAction\",\"target\":[\"https:\/\/www.errazada.eus\/es\/sin-categorizar\/comienzan-las-visitas-para-presentar-la-iniciativa-erraza-da\"]}]},{\"@type\":\"Person\",\"@id\":\"https:\/\/www.errazada.eus\/#\/schema\/person\/2107b3ca8034722bd86ce88ef53dbfbd\",\"name\":\"udala\",\"image\":{\"@type\":\"ImageObject\",\"@id\":\"https:\/\/www.errazada.eus\/#personlogo\",\"inLanguage\":\"es\",\"url\":\"https:\/\/secure.gravatar.com\/avatar\/d7dfc3cccc0f73816b82f39fd81564846cc946365a3d3d73138bf51b75a73dc2?s=96&d=mm&r=g\",\"caption\":\"udala\"}}]}<\/script>\n<!-- \/ Yoast SEO plugin. -->","_links":{"self":[{"href":"https:\/\/www.errazada.eus\/es\/wp-json\/wp\/v2\/posts\/144","targetHints":{"allow":["GET"]}}],"collection":[{"href":"https:\/\/www.errazada.eus\/es\/wp-json\/wp\/v2\/posts"}],"about":[{"href":"https:\/\/www.errazada.eus\/es\/wp-json\/wp\/v2\/types\/post"}],"author":[{"embeddable":true,"href":"https:\/\/www.errazada.eus\/es\/wp-json\/wp\/v2\/users\/4"}],"replies":[{"embeddable":true,"href":"https:\/\/www.errazada.eus\/es\/wp-json\/wp\/v2\/comments?post=144"}],"version-history":[{"count":0,"href":"https:\/\/www.errazada.eus\/es\/wp-json\/wp\/v2\/posts\/144\/revisions"}],"wp:featuredmedia":[{"embeddable":true,"href":"https:\/\/www.errazada.eus\/es\/wp-json\/wp\/v2\/media\/131"}],"wp:attachment":[{"href":"https:\/\/www.errazada.eus\/es\/wp-json\/wp\/v2\/media?parent=144"}],"wp:term":[{"taxonomy":"category","embeddable":true,"href":"https:\/\/www.errazada.eus\/es\/wp-json\/wp\/v2\/categories?post=144"},{"taxonomy":"post_tag","embeddable":true,"href":"https:\/\/www.errazada.eus\/es\/wp-json\/wp\/v2\/tags?post=144"}],"curies":[{"name":"wp","href":"https:\/\/api.w.org\/{rel}","templated":true}]}}